{"id":1,"name":"ACARVALHO","url":"https:\/\/quintadacancela.pt","description":"Numa linha, Arthur define-se como: Pai de 3, Serial Entrepreneur, Hotelier, Agricultor, Sailor e Land Rover addict.\r\nTem um fraco por coisas antigas, o seu carro de uso di\u00e1rio \u00e9 um Land Rover de 1975 e sempre que pode \u201cfoge\u201d para o mar.\r\nLicenciado em Ci\u00eancias Econ\u00f3micas e Empresariais, trabalhou em ramos t\u00e3o diversos como imobili\u00e1rio e constru\u00e7\u00e3o, sistemas de informa\u00e7\u00e3o, import\/export, vinhos e turismo, sempre na vertente de \u201cGest\u00e3o de Projectos\u201d.\r\nMudou-se diretamente de Paris onde trabalhava em projectos de ERP\/CRM numa multinacional Norte-Americana, para S\u00e3o Louren\u00e7o de Sande em Guimar\u00e3es, num regresso \u00e0s origens de fam\u00edlia. \r\nH\u00e1 14 anos que trabalha exclusivamente na 1720 Quinta da Cancela, onde \u201c\u00e9 curador de um legado que espera a chegada da pr\u00f3xima gera\u00e7\u00e3o\u201d.","link":"https:\/\/quintadacancela.pt\/en\/author\/acarvalho\/","slug":"acarvalho","avatar_urls":{"24":"https:\/\/secure.gravatar.com\/avatar\/910fdf060a9c1cd115738fed03ef3a5d?s=24&d=mm&r=g","48":"https:\/\/secure.gravatar.com\/avatar\/910fdf060a9c1cd115738fed03ef3a5d?s=48&d=mm&r=g","96":"https:\/\/secure.gravatar.com\/avatar\/910fdf060a9c1cd115738fed03ef3a5d?s=96&d=mm&r=g"},"meta":[],"is_super_admin":false,"woocommerce_meta":{"variable_product_tour_shown":"\"yes\"","activity_panel_inbox_last_read":"","activity_panel_reviews_last_read":"","categories_report_columns":"","coupons_report_columns":"","customers_report_columns":"","orders_report_columns":"","products_report_columns":"","revenue_report_columns":"","taxes_report_columns":"","variations_report_columns":"","dashboard_sections":"","dashboard_chart_type":"","dashboard_chart_interval":"","dashboard_leaderboard_rows":"","homepage_layout":"","homepage_stats":"","task_list_tracked_started_tasks":"","help_panel_highlight_shown":"","android_app_banner_dismissed":""},"_links":{"self":[{"href":"https:\/\/quintadacancela.pt\/en\/wp-json\/wp\/v2\/users\/1"}],"collection":[{"href":"https:\/\/quintadacancela.pt\/en\/wp-json\/wp\/v2\/users"}]}}